{"id":43509,"date":"2025-05-20T09:13:03","date_gmt":"2025-05-20T07:13:03","guid":{"rendered":"https:\/\/bodenbusinesspark.com\/business-climate-remains-strong-in-boden\/"},"modified":"2025-05-27T15:19:33","modified_gmt":"2025-05-27T13:19:33","slug":"business-climate-remains-strong-in-boden","status":"publish","type":"post","link":"https:\/\/bodenbusinesspark.com\/en\/business-climate-remains-strong-in-boden\/","title":{"rendered":"Business climate remains strong in Boden"},"content":{"rendered":"\n<p class=\"has-medium-font-size\">Companies in Boden continue to give high marks to the municipality&#8217;s work for a good business climate. In this year&#8217;s survey from the Confederation of Swedish Enterprise, Boden comes second in Norrbotten &#8211; just behind \u00c4lvsbyn, which now takes over first place. <\/p>\n\n\n\n<p>Every year, the Confederation of Swedish Enterprise measures how entrepreneurs perceive the conditions for running a business in their home municipality. For Boden, the 2025 results show a summary assessment of 4.0 &#8211; a strong level that places the municipality well above the county average. However, this means that \u00c4lvsbyn, which this year reaches 4.1, takes over the lead in Norrbotten.  <\/p>\n\n\n\n<p>&#8220;It is clear that we would have liked to retain the first place, but at the same time it is nice to see \u00c4lvsbyn&#8217;s hard work pay off. We know how much commitment it takes. The business climate is something we build together &#8211; when it works in one municipality, it strengthens us all in the region,&#8221; says Mats Berg, Head of Business Development in Boden Municipality.<\/p>\n\n\n\n<h3 class=\"wp-block-heading\" style=\"font-size:19px;font-style:normal;font-weight:800\">Dialogue with municipality has improved<\/h3>\n\n\n\n<p>This year&#8217;s survey shows that 82% of businesses in Boden have had contact with the municipality in the past year &#8211; mainly on issues such as permits, supervision, advice and procurement. Dialogue with the municipality received an improved rating compared to last year, as did the perception of security and the school&#8217;s cooperation with the local business community. <\/p>\n\n\n\n<p>At the same time, some areas are lagging behind, such as procurement, human resources and skills.<\/p>\n\n\n\n<p>Businesses have also clearly identified what is most important for the future: more housing, better road networks, more skilled workers, lower municipal fees and simpler procurement processes.<\/p>\n\n\n\n<p>&#8220;This is a valuable input for us. We see that many things are working well, but we also take on board what can be improved. The business climate is shaped in dialog &#8211; and we continue to move forward together,&#8221; says Mats Berg.<\/p>\n\n\n\n<p><a href=\"https:\/\/www.foretagsklimat.se\/\" target=\"_blank\" rel=\"noreferrer noopener\"><mark style=\"background-color:rgba(0, 0, 0, 0)\" class=\"has-inline-color has-vivid-cyan-blue-color\">Here you can find the survey results for 2025!<\/mark><\/a><\/p>\n","protected":false},"excerpt":{"rendered":"<p>Companies in Boden continue to give high marks to the municipality&#8217;s work for a good business climate. In this year&#8217;s survey from the Confederation of Swedish Enterprise, Boden comes second in Norrbotten &#8211; just behind \u00c4lvsbyn, which now takes over first place. <\/p>\n","protected":false},"author":2,"featured_media":43453,"comment_status":"closed","ping_status":"closed","sticky":false,"template":"","format":"standard","meta":{"_tec_requires_first_save":true,"_editorskit_title_hidden":false,"_editorskit_reading_time":0,"_editorskit_is_block_options_detached":false,"_editorskit_block_options_position":"{}","_price":"","_stock":"","_tribe_ticket_header":"","_tribe_default_ticket_provider":"","_tribe_ticket_capacity":"","_ticket_start_date":"","_ticket_end_date":"","_tribe_ticket_show_description":"","_tribe_ticket_show_not_going":false,"_tribe_ticket_use_global_stock":"","_tribe_ticket_global_stock_level":"","_global_stock_mode":"","_global_stock_cap":"","_tribe_rsvp_for_event":"","_tribe_ticket_going_count":"","_tribe_ticket_not_going_count":"","_tribe_tickets_list":"[]","_tribe_ticket_has_attendee_info_fields":false,"_EventAllDay":false,"_EventTimezone":"","_EventStartDate":"","_EventEndDate":"","_EventStartDateUTC":"","_EventEndDateUTC":"","_EventShowMap":false,"_EventShowMapLink":false,"_EventURL":"","_EventCost":"","_EventCostDescription":"","_EventCurrencySymbol":"","_EventCurrencyCode":"","_EventCurrencyPosition":"","_EventDateTimeSeparator":"","_EventTimeRangeSeparator":"","_EventOrganizerID":[],"_EventVenueID":[0],"_OrganizerEmail":"","_OrganizerPhone":"","_OrganizerWebsite":"","_VenueAddress":"","_VenueCity":"","_VenueCountry":"","_VenueProvince":"","_VenueState":"","_VenueZip":"","_VenuePhone":"","_VenueURL":"","_VenueStateProvince":"","_VenueLat":"","_VenueLng":"","_VenueShowMap":false,"_VenueShowMapLink":false,"_tribe_blocks_recurrence_rules":"","_tribe_blocks_recurrence_description":"","_tribe_blocks_recurrence_exclusions":"","_ecp_custom_2":"","footnotes":"","_tec_slr_enabled":"","_tec_slr_layout":""},"categories":[62,61],"tags":[],"class_list":["post-43509","post","type-post","status-publish","format-standard","has-post-thumbnail","hentry","category-business","category-news"],"yoast_head":"<!-- This site is optimized with the Yoast SEO plugin v27.3 - https:\/\/yoast.com\/product\/yoast-seo-wordpress\/ -->\n<title>Business climate remains strong in Boden - Boden Business Park<\/title>\n<meta name=\"description\" content=\"Companies in Boden continue to give high marks to the municipality&#039;s work for a good business climate. In this year&#039;s survey from the Confederation of Swedish Enterprise, Boden comes second in Norrbotten - just behind \u00c4lvsbyn, which now takes over first place.\" \/>\n<meta name=\"robots\" content=\"index, follow, max-snippet:-1, max-image-preview:large, max-video-preview:-1\" \/>\n<link rel=\"canonical\" href=\"https:\/\/bodenbusinesspark.com\/en\/business-climate-remains-strong-in-boden\/\" \/>\n<meta property=\"og:locale\" content=\"en_US\" \/>\n<meta property=\"og:type\" content=\"article\" \/>\n<meta property=\"og:title\" content=\"Boden remains highly ranked for its business climate\" \/>\n<meta property=\"og:description\" content=\"Companies in Boden continue to give high marks to the municipality&#039;s work for a good business climate. In this year&#039;s survey from the Confederation of Swedish Enterprise, Boden comes second in Norrbotten - just behind \u00c4lvsbyn, which now takes over first place.\" \/>\n<meta property=\"og:url\" content=\"https:\/\/bodenbusinesspark.com\/en\/business-climate-remains-strong-in-boden\/\" \/>\n<meta property=\"og:site_name\" content=\"Boden Business Park\" \/>\n<meta property=\"article:publisher\" content=\"https:\/\/www.facebook.com\/bodenbusinesspark\" \/>\n<meta property=\"article:published_time\" content=\"2025-05-20T07:13:03+00:00\" \/>\n<meta property=\"article:modified_time\" content=\"2025-05-27T13:19:33+00:00\" \/>\n<meta property=\"og:image\" content=\"https:\/\/bodenbusinesspark.com\/wp-content\/uploads\/2025\/05\/Mats_Berg-1024x681.webp\" \/>\n<meta name=\"author\" content=\"Linda Hammarstr\u00f6m\" \/>\n<meta name=\"twitter:card\" content=\"summary_large_image\" \/>\n<meta name=\"twitter:label1\" content=\"Written by\" \/>\n\t<meta name=\"twitter:data1\" content=\"Linda Hammarstr\u00f6m\" \/>\n\t<meta name=\"twitter:label2\" content=\"Est. reading time\" \/>\n\t<meta name=\"twitter:data2\" content=\"2 minutes\" \/>\n<script type=\"application\/ld+json\" class=\"yoast-schema-graph\">{\"@context\":\"https:\\\/\\\/schema.org\",\"@graph\":[{\"@type\":\"Article\",\"@id\":\"https:\\\/\\\/bodenbusinesspark.com\\\/en\\\/business-climate-remains-strong-in-boden\\\/#article\",\"isPartOf\":{\"@id\":\"https:\\\/\\\/bodenbusinesspark.com\\\/en\\\/business-climate-remains-strong-in-boden\\\/\"},\"author\":{\"name\":\"Linda Hammarstr\u00f6m\",\"@id\":\"https:\\\/\\\/bodenbusinesspark.com\\\/#\\\/schema\\\/person\\\/099567cb640f5a97fe0911d978226f26\"},\"headline\":\"Business climate remains strong in Boden\",\"datePublished\":\"2025-05-20T07:13:03+00:00\",\"dateModified\":\"2025-05-27T13:19:33+00:00\",\"mainEntityOfPage\":{\"@id\":\"https:\\\/\\\/bodenbusinesspark.com\\\/en\\\/business-climate-remains-strong-in-boden\\\/\"},\"wordCount\":334,\"publisher\":{\"@id\":\"https:\\\/\\\/bodenbusinesspark.com\\\/#organization\"},\"image\":{\"@id\":\"https:\\\/\\\/bodenbusinesspark.com\\\/en\\\/business-climate-remains-strong-in-boden\\\/#primaryimage\"},\"thumbnailUrl\":\"https:\\\/\\\/bodenbusinesspark.com\\\/wp-content\\\/uploads\\\/2025\\\/05\\\/Mats_Berg.webp\",\"articleSection\":[\"Business\",\"News\"],\"inLanguage\":\"en-US\"},{\"@type\":\"WebPage\",\"@id\":\"https:\\\/\\\/bodenbusinesspark.com\\\/en\\\/business-climate-remains-strong-in-boden\\\/\",\"url\":\"https:\\\/\\\/bodenbusinesspark.com\\\/en\\\/business-climate-remains-strong-in-boden\\\/\",\"name\":\"Business climate remains strong in Boden - Boden Business Park\",\"isPartOf\":{\"@id\":\"https:\\\/\\\/bodenbusinesspark.com\\\/#website\"},\"primaryImageOfPage\":{\"@id\":\"https:\\\/\\\/bodenbusinesspark.com\\\/en\\\/business-climate-remains-strong-in-boden\\\/#primaryimage\"},\"image\":{\"@id\":\"https:\\\/\\\/bodenbusinesspark.com\\\/en\\\/business-climate-remains-strong-in-boden\\\/#primaryimage\"},\"thumbnailUrl\":\"https:\\\/\\\/bodenbusinesspark.com\\\/wp-content\\\/uploads\\\/2025\\\/05\\\/Mats_Berg.webp\",\"datePublished\":\"2025-05-20T07:13:03+00:00\",\"dateModified\":\"2025-05-27T13:19:33+00:00\",\"description\":\"Companies in Boden continue to give high marks to the municipality's work for a good business climate. In this year's survey from the Confederation of Swedish Enterprise, Boden comes second in Norrbotten - just behind \u00c4lvsbyn, which now takes over first place.\",\"inLanguage\":\"en-US\",\"potentialAction\":[{\"@type\":\"ReadAction\",\"target\":[\"https:\\\/\\\/bodenbusinesspark.com\\\/en\\\/business-climate-remains-strong-in-boden\\\/\"]}]},{\"@type\":\"ImageObject\",\"inLanguage\":\"en-US\",\"@id\":\"https:\\\/\\\/bodenbusinesspark.com\\\/en\\\/business-climate-remains-strong-in-boden\\\/#primaryimage\",\"url\":\"https:\\\/\\\/bodenbusinesspark.com\\\/wp-content\\\/uploads\\\/2025\\\/05\\\/Mats_Berg.webp\",\"contentUrl\":\"https:\\\/\\\/bodenbusinesspark.com\\\/wp-content\\\/uploads\\\/2025\\\/05\\\/Mats_Berg.webp\",\"width\":1200,\"height\":798,\"caption\":\"\\\"Man i reflexjacka och hj\u00e4lm fr\u00e5n PEAB st\u00e5r vid ett byggstaket framf\u00f6r en byggarbetsplats i Boden. Han lutar sig mot r\u00e4cket och tittar bort fr\u00e5n kameran\"},{\"@type\":\"WebSite\",\"@id\":\"https:\\\/\\\/bodenbusinesspark.com\\\/#website\",\"url\":\"https:\\\/\\\/bodenbusinesspark.com\\\/\",\"name\":\"Boden Business Park\",\"description\":\"Vi \u00e4r m\u00f6jligg\u00f6rare\",\"publisher\":{\"@id\":\"https:\\\/\\\/bodenbusinesspark.com\\\/#organization\"},\"potentialAction\":[{\"@type\":\"SearchAction\",\"target\":{\"@type\":\"EntryPoint\",\"urlTemplate\":\"https:\\\/\\\/bodenbusinesspark.com\\\/?s={search_term_string}\"},\"query-input\":{\"@type\":\"PropertyValueSpecification\",\"valueRequired\":true,\"valueName\":\"search_term_string\"}}],\"inLanguage\":\"en-US\"},{\"@type\":\"Organization\",\"@id\":\"https:\\\/\\\/bodenbusinesspark.com\\\/#organization\",\"name\":\"Boden Business Park\",\"url\":\"https:\\\/\\\/bodenbusinesspark.com\\\/\",\"logo\":{\"@type\":\"ImageObject\",\"inLanguage\":\"en-US\",\"@id\":\"https:\\\/\\\/bodenbusinesspark.com\\\/#\\\/schema\\\/logo\\\/image\\\/\",\"url\":\"https:\\\/\\\/bodenbusinesspark.com\\\/wp-content\\\/uploads\\\/2022\\\/10\\\/bbp.png\",\"contentUrl\":\"https:\\\/\\\/bodenbusinesspark.com\\\/wp-content\\\/uploads\\\/2022\\\/10\\\/bbp.png\",\"width\":354,\"height\":136,\"caption\":\"Boden Business Park\"},\"image\":{\"@id\":\"https:\\\/\\\/bodenbusinesspark.com\\\/#\\\/schema\\\/logo\\\/image\\\/\"},\"sameAs\":[\"https:\\\/\\\/www.facebook.com\\\/bodenbusinesspark\",\"https:\\\/\\\/www.linkedin.com\\\/company\\\/boden-business-park\\\/\"]},{\"@type\":\"Person\",\"@id\":\"https:\\\/\\\/bodenbusinesspark.com\\\/#\\\/schema\\\/person\\\/099567cb640f5a97fe0911d978226f26\",\"name\":\"Linda Hammarstr\u00f6m\",\"image\":{\"@type\":\"ImageObject\",\"inLanguage\":\"en-US\",\"@id\":\"https:\\\/\\\/secure.gravatar.com\\\/avatar\\\/31d465eac9b9e6027cf114958ec99b2f5298e2ce7d026de4dbddf59b76c1e4bc?s=96&d=mm&r=g\",\"url\":\"https:\\\/\\\/secure.gravatar.com\\\/avatar\\\/31d465eac9b9e6027cf114958ec99b2f5298e2ce7d026de4dbddf59b76c1e4bc?s=96&d=mm&r=g\",\"contentUrl\":\"https:\\\/\\\/secure.gravatar.com\\\/avatar\\\/31d465eac9b9e6027cf114958ec99b2f5298e2ce7d026de4dbddf59b76c1e4bc?s=96&d=mm&r=g\",\"caption\":\"Linda Hammarstr\u00f6m\"},\"description\":\"Kommunikat\u00f6r\"}]}<\/script>\n<!-- \/ Yoast SEO plugin. -->","yoast_head_json":{"title":"Business climate remains strong in Boden - Boden Business Park","description":"Companies in Boden continue to give high marks to the municipality's work for a good business climate. In this year's survey from the Confederation of Swedish Enterprise, Boden comes second in Norrbotten - just behind \u00c4lvsbyn, which now takes over first place.","robots":{"index":"index","follow":"follow","max-snippet":"max-snippet:-1","max-image-preview":"max-image-preview:large","max-video-preview":"max-video-preview:-1"},"canonical":"https:\/\/bodenbusinesspark.com\/en\/business-climate-remains-strong-in-boden\/","og_locale":"en_US","og_type":"article","og_title":"Boden remains highly ranked for its business climate","og_description":"Companies in Boden continue to give high marks to the municipality's work for a good business climate. In this year's survey from the Confederation of Swedish Enterprise, Boden comes second in Norrbotten - just behind \u00c4lvsbyn, which now takes over first place.","og_url":"https:\/\/bodenbusinesspark.com\/en\/business-climate-remains-strong-in-boden\/","og_site_name":"Boden Business Park","article_publisher":"https:\/\/www.facebook.com\/bodenbusinesspark","article_published_time":"2025-05-20T07:13:03+00:00","article_modified_time":"2025-05-27T13:19:33+00:00","og_image":[{"url":"https:\/\/bodenbusinesspark.com\/wp-content\/uploads\/2025\/05\/Mats_Berg-1024x681.webp","type":"","width":"","height":""}],"author":"Linda Hammarstr\u00f6m","twitter_card":"summary_large_image","twitter_misc":{"Written by":"Linda Hammarstr\u00f6m","Est. reading time":"2 minutes"},"schema":{"@context":"https:\/\/schema.org","@graph":[{"@type":"Article","@id":"https:\/\/bodenbusinesspark.com\/en\/business-climate-remains-strong-in-boden\/#article","isPartOf":{"@id":"https:\/\/bodenbusinesspark.com\/en\/business-climate-remains-strong-in-boden\/"},"author":{"name":"Linda Hammarstr\u00f6m","@id":"https:\/\/bodenbusinesspark.com\/#\/schema\/person\/099567cb640f5a97fe0911d978226f26"},"headline":"Business climate remains strong in Boden","datePublished":"2025-05-20T07:13:03+00:00","dateModified":"2025-05-27T13:19:33+00:00","mainEntityOfPage":{"@id":"https:\/\/bodenbusinesspark.com\/en\/business-climate-remains-strong-in-boden\/"},"wordCount":334,"publisher":{"@id":"https:\/\/bodenbusinesspark.com\/#organization"},"image":{"@id":"https:\/\/bodenbusinesspark.com\/en\/business-climate-remains-strong-in-boden\/#primaryimage"},"thumbnailUrl":"https:\/\/bodenbusinesspark.com\/wp-content\/uploads\/2025\/05\/Mats_Berg.webp","articleSection":["Business","News"],"inLanguage":"en-US"},{"@type":"WebPage","@id":"https:\/\/bodenbusinesspark.com\/en\/business-climate-remains-strong-in-boden\/","url":"https:\/\/bodenbusinesspark.com\/en\/business-climate-remains-strong-in-boden\/","name":"Business climate remains strong in Boden - Boden Business Park","isPartOf":{"@id":"https:\/\/bodenbusinesspark.com\/#website"},"primaryImageOfPage":{"@id":"https:\/\/bodenbusinesspark.com\/en\/business-climate-remains-strong-in-boden\/#primaryimage"},"image":{"@id":"https:\/\/bodenbusinesspark.com\/en\/business-climate-remains-strong-in-boden\/#primaryimage"},"thumbnailUrl":"https:\/\/bodenbusinesspark.com\/wp-content\/uploads\/2025\/05\/Mats_Berg.webp","datePublished":"2025-05-20T07:13:03+00:00","dateModified":"2025-05-27T13:19:33+00:00","description":"Companies in Boden continue to give high marks to the municipality's work for a good business climate. In this year's survey from the Confederation of Swedish Enterprise, Boden comes second in Norrbotten - just behind \u00c4lvsbyn, which now takes over first place.","inLanguage":"en-US","potentialAction":[{"@type":"ReadAction","target":["https:\/\/bodenbusinesspark.com\/en\/business-climate-remains-strong-in-boden\/"]}]},{"@type":"ImageObject","inLanguage":"en-US","@id":"https:\/\/bodenbusinesspark.com\/en\/business-climate-remains-strong-in-boden\/#primaryimage","url":"https:\/\/bodenbusinesspark.com\/wp-content\/uploads\/2025\/05\/Mats_Berg.webp","contentUrl":"https:\/\/bodenbusinesspark.com\/wp-content\/uploads\/2025\/05\/Mats_Berg.webp","width":1200,"height":798,"caption":"\"Man i reflexjacka och hj\u00e4lm fr\u00e5n PEAB st\u00e5r vid ett byggstaket framf\u00f6r en byggarbetsplats i Boden. Han lutar sig mot r\u00e4cket och tittar bort fr\u00e5n kameran"},{"@type":"WebSite","@id":"https:\/\/bodenbusinesspark.com\/#website","url":"https:\/\/bodenbusinesspark.com\/","name":"Boden Business Park","description":"Vi \u00e4r m\u00f6jligg\u00f6rare","publisher":{"@id":"https:\/\/bodenbusinesspark.com\/#organization"},"potentialAction":[{"@type":"SearchAction","target":{"@type":"EntryPoint","urlTemplate":"https:\/\/bodenbusinesspark.com\/?s={search_term_string}"},"query-input":{"@type":"PropertyValueSpecification","valueRequired":true,"valueName":"search_term_string"}}],"inLanguage":"en-US"},{"@type":"Organization","@id":"https:\/\/bodenbusinesspark.com\/#organization","name":"Boden Business Park","url":"https:\/\/bodenbusinesspark.com\/","logo":{"@type":"ImageObject","inLanguage":"en-US","@id":"https:\/\/bodenbusinesspark.com\/#\/schema\/logo\/image\/","url":"https:\/\/bodenbusinesspark.com\/wp-content\/uploads\/2022\/10\/bbp.png","contentUrl":"https:\/\/bodenbusinesspark.com\/wp-content\/uploads\/2022\/10\/bbp.png","width":354,"height":136,"caption":"Boden Business Park"},"image":{"@id":"https:\/\/bodenbusinesspark.com\/#\/schema\/logo\/image\/"},"sameAs":["https:\/\/www.facebook.com\/bodenbusinesspark","https:\/\/www.linkedin.com\/company\/boden-business-park\/"]},{"@type":"Person","@id":"https:\/\/bodenbusinesspark.com\/#\/schema\/person\/099567cb640f5a97fe0911d978226f26","name":"Linda Hammarstr\u00f6m","image":{"@type":"ImageObject","inLanguage":"en-US","@id":"https:\/\/secure.gravatar.com\/avatar\/31d465eac9b9e6027cf114958ec99b2f5298e2ce7d026de4dbddf59b76c1e4bc?s=96&d=mm&r=g","url":"https:\/\/secure.gravatar.com\/avatar\/31d465eac9b9e6027cf114958ec99b2f5298e2ce7d026de4dbddf59b76c1e4bc?s=96&d=mm&r=g","contentUrl":"https:\/\/secure.gravatar.com\/avatar\/31d465eac9b9e6027cf114958ec99b2f5298e2ce7d026de4dbddf59b76c1e4bc?s=96&d=mm&r=g","caption":"Linda Hammarstr\u00f6m"},"description":"Kommunikat\u00f6r"}]}},"ticketed":false,"_links":{"self":[{"href":"https:\/\/bodenbusinesspark.com\/en\/wp-json\/wp\/v2\/posts\/43509","targetHints":{"allow":["GET"]}}],"collection":[{"href":"https:\/\/bodenbusinesspark.com\/en\/wp-json\/wp\/v2\/posts"}],"about":[{"href":"https:\/\/bodenbusinesspark.com\/en\/wp-json\/wp\/v2\/types\/post"}],"author":[{"embeddable":true,"href":"https:\/\/bodenbusinesspark.com\/en\/wp-json\/wp\/v2\/users\/2"}],"replies":[{"embeddable":true,"href":"https:\/\/bodenbusinesspark.com\/en\/wp-json\/wp\/v2\/comments?post=43509"}],"version-history":[{"count":2,"href":"https:\/\/bodenbusinesspark.com\/en\/wp-json\/wp\/v2\/posts\/43509\/revisions"}],"predecessor-version":[{"id":43511,"href":"https:\/\/bodenbusinesspark.com\/en\/wp-json\/wp\/v2\/posts\/43509\/revisions\/43511"}],"wp:featuredmedia":[{"embeddable":true,"href":"https:\/\/bodenbusinesspark.com\/en\/wp-json\/wp\/v2\/media\/43453"}],"wp:attachment":[{"href":"https:\/\/bodenbusinesspark.com\/en\/wp-json\/wp\/v2\/media?parent=43509"}],"wp:term":[{"taxonomy":"category","embeddable":true,"href":"https:\/\/bodenbusinesspark.com\/en\/wp-json\/wp\/v2\/categories?post=43509"},{"taxonomy":"post_tag","embeddable":true,"href":"https:\/\/bodenbusinesspark.com\/en\/wp-json\/wp\/v2\/tags?post=43509"}],"curies":[{"name":"wp","href":"https:\/\/api.w.org\/{rel}","templated":true}]}}