{"id":41747,"date":"2024-12-27T10:07:54","date_gmt":"2024-12-27T09:07:54","guid":{"rendered":"https:\/\/bodenbusinesspark.com\/vi-hoppas-att-projektet-ska-leda-till-en-starkare-bransch\/"},"modified":"2024-12-27T10:50:28","modified_gmt":"2024-12-27T09:50:28","slug":"vi-hoppas-att-projektet-ska-leda-till-en-starkare-bransch","status":"publish","type":"post","link":"https:\/\/bodenbusinesspark.com\/en\/vi-hoppas-att-projektet-ska-leda-till-en-starkare-bransch\/","title":{"rendered":"\u201cWe hope the project will lead to a stronger industry\u201d"},"content":{"rendered":"\n<p class=\"has-medium-font-size\">A business developer will help more creators in Boden grow and contribute to sustainable community development. This initiative is part of the North Creative Nodes project.<\/p>\n\n\n\n<p><a href=\"https:\/\/www.piteasciencepark.se\/projekt\/north-creative-nodes-stottar-utvecklingen-av-kulturella-och-kreativa-naringar\/\"><mark style=\"background-color:rgba(0, 0, 0, 0)\" class=\"has-inline-color has-vivid-cyan-blue-color\">North Creative Nodes<\/mark><\/a> is a regional initiative aimed at strengthening cultural and creative industries. By increasing support for businesses and organizations within these sectors, the project seeks to foster sustainable growth and create opportunities for creators to actively contribute to the ongoing societal transition.<\/p>\n\n\n\n<p>&#8220;The cultural sector is very broad and has often struggled to unite, especially since 80 percent of the companies consist of just one person,&#8221; says Fredrika Johansson, project manager.<\/p>\n\n\n\n<p>A business developer is now being recruited to Boden Business Park. The developer will support local and regional creators through business advisory services, networking, and assistance in finding new markets.<\/p>\n\n\n\n<p>&#8220;We will focus a lot on creating meeting places, both among businesses within the industry and with other sectors,&#8221; says Fredrika Johansson.<\/p>\n\n\n\n<h3 class=\"wp-block-heading\"><strong>Increasing understanding<\/strong><\/h3>\n\n\n\n<p>A significant part of the work involves skills development initiatives, giving businesses the opportunity to learn from each other and make use of support systems that already exist but are currently underutilized.<\/p>\n\n\n\n<p>&#8220;Unfortunately, only a small percentage of businesses take advantage of available business support or other development systems, which limits their growth opportunities,&#8221; says Fredrika.<\/p>\n\n\n\n<p>The project also aims to increase other industries\u2019 understanding of how they can collaborate with cultural and creative businesses and the positive effects these collaborations can bring.<\/p>\n\n\n\n<p>&#8220;We hope the project will lead to a stronger industry where businesses feel like part of a larger whole and no longer feel isolated. This would open up more business opportunities and contribute to growth,&#8221; says Fredrika.<\/p>\n\n\n\n<h3 class=\"wp-block-heading\"><strong>Culture for a vibrant community<\/strong><\/h3>\n\n\n\n<p>A strong cultural sector is closely linked to a vibrant community. When artists and creators are given the right conditions to develop their businesses, they create attractive places where people want to live, and new residents choose to settle.<\/p>\n\n\n\n<p>&#8220;For many businesses, a growth journey could mean moving from part-time to full-time. If more businesses make that transition, it can have a significant impact on society.&#8221;<\/p>\n\n\n\n<p>The North Creative Nodes project runs until 2027. Partners include Boden Business Park, Lule\u00e5 Municipality, and Pite\u00e5 Science Park, in collaboration with the European Regional Development Fund, Region Norrbotten, Bodens Municipality, Pite\u00e5 Municipality, Lule\u00e5 Municipality, and Sparbanken Nord.<\/p>\n\n\n\n<p><\/p>\n","protected":false},"excerpt":{"rendered":"<p>A business developer will help more creators in Boden grow and contribute to sustainable community development. This initiative is part of the North Creative Nodes project.<\/p>\n","protected":false},"author":2,"featured_media":41744,"comment_status":"closed","ping_status":"closed","sticky":false,"template":"","format":"standard","meta":{"_tec_requires_first_save":true,"_editorskit_title_hidden":false,"_editorskit_reading_time":0,"_editorskit_is_block_options_detached":false,"_editorskit_block_options_position":"{}","_price":"","_stock":"","_tribe_ticket_header":"","_tribe_default_ticket_provider":"","_tribe_ticket_capacity":"0","_ticket_start_date":"","_ticket_end_date":"","_tribe_ticket_show_description":"","_tribe_ticket_show_not_going":false,"_tribe_ticket_use_global_stock":"","_tribe_ticket_global_stock_level":"","_global_stock_mode":"","_global_stock_cap":"","_tribe_rsvp_for_event":"","_tribe_ticket_going_count":"","_tribe_ticket_not_going_count":"","_tribe_tickets_list":"[]","_tribe_ticket_has_attendee_info_fields":false,"_EventAllDay":false,"_EventTimezone":"","_EventStartDate":"","_EventEndDate":"","_EventStartDateUTC":"","_EventEndDateUTC":"","_EventShowMap":false,"_EventShowMapLink":false,"_EventURL":"","_EventCost":"","_EventCostDescription":"","_EventCurrencySymbol":"","_EventCurrencyCode":"","_EventCurrencyPosition":"","_EventDateTimeSeparator":"","_EventTimeRangeSeparator":"","_EventOrganizerID":[],"_EventVenueID":[0],"_OrganizerEmail":"","_OrganizerPhone":"","_OrganizerWebsite":"","_VenueAddress":"","_VenueCity":"","_VenueCountry":"","_VenueProvince":"","_VenueState":"","_VenueZip":"","_VenuePhone":"","_VenueURL":"","_VenueStateProvince":"","_VenueLat":"","_VenueLng":"","_VenueShowMap":false,"_VenueShowMapLink":false,"_tribe_blocks_recurrence_rules":"","_tribe_blocks_recurrence_description":"","_tribe_blocks_recurrence_exclusions":"","_ecp_custom_2":"","footnotes":"","_tec_slr_enabled":"","_tec_slr_layout":""},"categories":[62,61,63],"tags":[],"class_list":["post-41747","post","type-post","status-publish","format-standard","has-post-thumbnail","hentry","category-business","category-news","category-the-park"],"yoast_head":"<!-- This site is optimized with the Yoast SEO plugin v27.3 - https:\/\/yoast.com\/product\/yoast-seo-wordpress\/ -->\n<title>\u201cWe hope the project will lead to a stronger industry\u201d - Boden Business Park<\/title>\n<meta name=\"description\" content=\"A business developer will help more creators in Boden grow and contribute to sustainable community development. This initiative is part of the North Creative Nodes project.\" \/>\n<meta name=\"robots\" content=\"index, follow, max-snippet:-1, max-image-preview:large, max-video-preview:-1\" \/>\n<link rel=\"canonical\" href=\"https:\/\/bodenbusinesspark.com\/en\/vi-hoppas-att-projektet-ska-leda-till-en-starkare-bransch\/\" \/>\n<meta property=\"og:locale\" content=\"en_US\" \/>\n<meta property=\"og:type\" content=\"article\" \/>\n<meta property=\"og:title\" content=\"\u201cWe hope the project will lead to a stronger industry\u201d\" \/>\n<meta property=\"og:description\" content=\"A business developer will help more creators in Boden grow and contribute to sustainable community development. This initiative is part of the North Creative Nodes project.\" \/>\n<meta property=\"og:url\" content=\"https:\/\/bodenbusinesspark.com\/en\/vi-hoppas-att-projektet-ska-leda-till-en-starkare-bransch\/\" \/>\n<meta property=\"og:site_name\" content=\"Boden Business Park\" \/>\n<meta property=\"article:publisher\" content=\"https:\/\/www.facebook.com\/bodenbusinesspark\" \/>\n<meta property=\"article:published_time\" content=\"2024-12-27T09:07:54+00:00\" \/>\n<meta property=\"article:modified_time\" content=\"2024-12-27T09:50:28+00:00\" \/>\n<meta property=\"og:image\" content=\"https:\/\/bodenbusinesspark.com\/wp-content\/uploads\/2024\/12\/Frerika-Johansson.webp\" \/>\n\t<meta property=\"og:image:width\" content=\"1200\" \/>\n\t<meta property=\"og:image:height\" content=\"798\" \/>\n\t<meta property=\"og:image:type\" content=\"image\/webp\" \/>\n<meta name=\"author\" content=\"Linda Hammarstr\u00f6m\" \/>\n<meta name=\"twitter:card\" content=\"summary_large_image\" \/>\n<meta name=\"twitter:label1\" content=\"Written by\" \/>\n\t<meta name=\"twitter:data1\" content=\"Linda Hammarstr\u00f6m\" \/>\n\t<meta name=\"twitter:label2\" content=\"Est. reading time\" \/>\n\t<meta name=\"twitter:data2\" content=\"2 minutes\" \/>\n<script type=\"application\/ld+json\" class=\"yoast-schema-graph\">{\"@context\":\"https:\\\/\\\/schema.org\",\"@graph\":[{\"@type\":\"Article\",\"@id\":\"https:\\\/\\\/bodenbusinesspark.com\\\/en\\\/vi-hoppas-att-projektet-ska-leda-till-en-starkare-bransch\\\/#article\",\"isPartOf\":{\"@id\":\"https:\\\/\\\/bodenbusinesspark.com\\\/en\\\/vi-hoppas-att-projektet-ska-leda-till-en-starkare-bransch\\\/\"},\"author\":{\"name\":\"Linda Hammarstr\u00f6m\",\"@id\":\"https:\\\/\\\/bodenbusinesspark.com\\\/#\\\/schema\\\/person\\\/099567cb640f5a97fe0911d978226f26\"},\"headline\":\"\u201cWe hope the project will lead to a stronger industry\u201d\",\"datePublished\":\"2024-12-27T09:07:54+00:00\",\"dateModified\":\"2024-12-27T09:50:28+00:00\",\"mainEntityOfPage\":{\"@id\":\"https:\\\/\\\/bodenbusinesspark.com\\\/en\\\/vi-hoppas-att-projektet-ska-leda-till-en-starkare-bransch\\\/\"},\"wordCount\":390,\"publisher\":{\"@id\":\"https:\\\/\\\/bodenbusinesspark.com\\\/#organization\"},\"image\":{\"@id\":\"https:\\\/\\\/bodenbusinesspark.com\\\/en\\\/vi-hoppas-att-projektet-ska-leda-till-en-starkare-bransch\\\/#primaryimage\"},\"thumbnailUrl\":\"https:\\\/\\\/bodenbusinesspark.com\\\/wp-content\\\/uploads\\\/2024\\\/12\\\/Frerika-Johansson.webp\",\"articleSection\":[\"Business\",\"News\",\"The park\"],\"inLanguage\":\"en-US\"},{\"@type\":\"WebPage\",\"@id\":\"https:\\\/\\\/bodenbusinesspark.com\\\/en\\\/vi-hoppas-att-projektet-ska-leda-till-en-starkare-bransch\\\/\",\"url\":\"https:\\\/\\\/bodenbusinesspark.com\\\/en\\\/vi-hoppas-att-projektet-ska-leda-till-en-starkare-bransch\\\/\",\"name\":\"\u201cWe hope the project will lead to a stronger industry\u201d - Boden Business Park\",\"isPartOf\":{\"@id\":\"https:\\\/\\\/bodenbusinesspark.com\\\/#website\"},\"primaryImageOfPage\":{\"@id\":\"https:\\\/\\\/bodenbusinesspark.com\\\/en\\\/vi-hoppas-att-projektet-ska-leda-till-en-starkare-bransch\\\/#primaryimage\"},\"image\":{\"@id\":\"https:\\\/\\\/bodenbusinesspark.com\\\/en\\\/vi-hoppas-att-projektet-ska-leda-till-en-starkare-bransch\\\/#primaryimage\"},\"thumbnailUrl\":\"https:\\\/\\\/bodenbusinesspark.com\\\/wp-content\\\/uploads\\\/2024\\\/12\\\/Frerika-Johansson.webp\",\"datePublished\":\"2024-12-27T09:07:54+00:00\",\"dateModified\":\"2024-12-27T09:50:28+00:00\",\"description\":\"A business developer will help more creators in Boden grow and contribute to sustainable community development. This initiative is part of the North Creative Nodes project.\",\"inLanguage\":\"en-US\",\"potentialAction\":[{\"@type\":\"ReadAction\",\"target\":[\"https:\\\/\\\/bodenbusinesspark.com\\\/en\\\/vi-hoppas-att-projektet-ska-leda-till-en-starkare-bransch\\\/\"]}]},{\"@type\":\"ImageObject\",\"inLanguage\":\"en-US\",\"@id\":\"https:\\\/\\\/bodenbusinesspark.com\\\/en\\\/vi-hoppas-att-projektet-ska-leda-till-en-starkare-bransch\\\/#primaryimage\",\"url\":\"https:\\\/\\\/bodenbusinesspark.com\\\/wp-content\\\/uploads\\\/2024\\\/12\\\/Frerika-Johansson.webp\",\"contentUrl\":\"https:\\\/\\\/bodenbusinesspark.com\\\/wp-content\\\/uploads\\\/2024\\\/12\\\/Frerika-Johansson.webp\",\"width\":1200,\"height\":798,\"caption\":\"Fredrika Johansson \u00e4r projektledare f\u00f6r North Creative Nodes. Foto: Bodens kommun\"},{\"@type\":\"WebSite\",\"@id\":\"https:\\\/\\\/bodenbusinesspark.com\\\/#website\",\"url\":\"https:\\\/\\\/bodenbusinesspark.com\\\/\",\"name\":\"Boden Business Park\",\"description\":\"Vi \u00e4r m\u00f6jligg\u00f6rare\",\"publisher\":{\"@id\":\"https:\\\/\\\/bodenbusinesspark.com\\\/#organization\"},\"potentialAction\":[{\"@type\":\"SearchAction\",\"target\":{\"@type\":\"EntryPoint\",\"urlTemplate\":\"https:\\\/\\\/bodenbusinesspark.com\\\/?s={search_term_string}\"},\"query-input\":{\"@type\":\"PropertyValueSpecification\",\"valueRequired\":true,\"valueName\":\"search_term_string\"}}],\"inLanguage\":\"en-US\"},{\"@type\":\"Organization\",\"@id\":\"https:\\\/\\\/bodenbusinesspark.com\\\/#organization\",\"name\":\"Boden Business Park\",\"url\":\"https:\\\/\\\/bodenbusinesspark.com\\\/\",\"logo\":{\"@type\":\"ImageObject\",\"inLanguage\":\"en-US\",\"@id\":\"https:\\\/\\\/bodenbusinesspark.com\\\/#\\\/schema\\\/logo\\\/image\\\/\",\"url\":\"https:\\\/\\\/bodenbusinesspark.com\\\/wp-content\\\/uploads\\\/2022\\\/10\\\/bbp.png\",\"contentUrl\":\"https:\\\/\\\/bodenbusinesspark.com\\\/wp-content\\\/uploads\\\/2022\\\/10\\\/bbp.png\",\"width\":354,\"height\":136,\"caption\":\"Boden Business Park\"},\"image\":{\"@id\":\"https:\\\/\\\/bodenbusinesspark.com\\\/#\\\/schema\\\/logo\\\/image\\\/\"},\"sameAs\":[\"https:\\\/\\\/www.facebook.com\\\/bodenbusinesspark\",\"https:\\\/\\\/www.linkedin.com\\\/company\\\/boden-business-park\\\/\"]},{\"@type\":\"Person\",\"@id\":\"https:\\\/\\\/bodenbusinesspark.com\\\/#\\\/schema\\\/person\\\/099567cb640f5a97fe0911d978226f26\",\"name\":\"Linda Hammarstr\u00f6m\",\"image\":{\"@type\":\"ImageObject\",\"inLanguage\":\"en-US\",\"@id\":\"https:\\\/\\\/secure.gravatar.com\\\/avatar\\\/31d465eac9b9e6027cf114958ec99b2f5298e2ce7d026de4dbddf59b76c1e4bc?s=96&d=mm&r=g\",\"url\":\"https:\\\/\\\/secure.gravatar.com\\\/avatar\\\/31d465eac9b9e6027cf114958ec99b2f5298e2ce7d026de4dbddf59b76c1e4bc?s=96&d=mm&r=g\",\"contentUrl\":\"https:\\\/\\\/secure.gravatar.com\\\/avatar\\\/31d465eac9b9e6027cf114958ec99b2f5298e2ce7d026de4dbddf59b76c1e4bc?s=96&d=mm&r=g\",\"caption\":\"Linda Hammarstr\u00f6m\"},\"description\":\"Kommunikat\u00f6r\"}]}<\/script>\n<!-- \/ Yoast SEO plugin. -->","yoast_head_json":{"title":"\u201cWe hope the project will lead to a stronger industry\u201d - Boden Business Park","description":"A business developer will help more creators in Boden grow and contribute to sustainable community development. This initiative is part of the North Creative Nodes project.","robots":{"index":"index","follow":"follow","max-snippet":"max-snippet:-1","max-image-preview":"max-image-preview:large","max-video-preview":"max-video-preview:-1"},"canonical":"https:\/\/bodenbusinesspark.com\/en\/vi-hoppas-att-projektet-ska-leda-till-en-starkare-bransch\/","og_locale":"en_US","og_type":"article","og_title":"\u201cWe hope the project will lead to a stronger industry\u201d","og_description":"A business developer will help more creators in Boden grow and contribute to sustainable community development. This initiative is part of the North Creative Nodes project.","og_url":"https:\/\/bodenbusinesspark.com\/en\/vi-hoppas-att-projektet-ska-leda-till-en-starkare-bransch\/","og_site_name":"Boden Business Park","article_publisher":"https:\/\/www.facebook.com\/bodenbusinesspark","article_published_time":"2024-12-27T09:07:54+00:00","article_modified_time":"2024-12-27T09:50:28+00:00","og_image":[{"width":1200,"height":798,"url":"https:\/\/bodenbusinesspark.com\/wp-content\/uploads\/2024\/12\/Frerika-Johansson.webp","type":"image\/webp"}],"author":"Linda Hammarstr\u00f6m","twitter_card":"summary_large_image","twitter_misc":{"Written by":"Linda Hammarstr\u00f6m","Est. reading time":"2 minutes"},"schema":{"@context":"https:\/\/schema.org","@graph":[{"@type":"Article","@id":"https:\/\/bodenbusinesspark.com\/en\/vi-hoppas-att-projektet-ska-leda-till-en-starkare-bransch\/#article","isPartOf":{"@id":"https:\/\/bodenbusinesspark.com\/en\/vi-hoppas-att-projektet-ska-leda-till-en-starkare-bransch\/"},"author":{"name":"Linda Hammarstr\u00f6m","@id":"https:\/\/bodenbusinesspark.com\/#\/schema\/person\/099567cb640f5a97fe0911d978226f26"},"headline":"\u201cWe hope the project will lead to a stronger industry\u201d","datePublished":"2024-12-27T09:07:54+00:00","dateModified":"2024-12-27T09:50:28+00:00","mainEntityOfPage":{"@id":"https:\/\/bodenbusinesspark.com\/en\/vi-hoppas-att-projektet-ska-leda-till-en-starkare-bransch\/"},"wordCount":390,"publisher":{"@id":"https:\/\/bodenbusinesspark.com\/#organization"},"image":{"@id":"https:\/\/bodenbusinesspark.com\/en\/vi-hoppas-att-projektet-ska-leda-till-en-starkare-bransch\/#primaryimage"},"thumbnailUrl":"https:\/\/bodenbusinesspark.com\/wp-content\/uploads\/2024\/12\/Frerika-Johansson.webp","articleSection":["Business","News","The park"],"inLanguage":"en-US"},{"@type":"WebPage","@id":"https:\/\/bodenbusinesspark.com\/en\/vi-hoppas-att-projektet-ska-leda-till-en-starkare-bransch\/","url":"https:\/\/bodenbusinesspark.com\/en\/vi-hoppas-att-projektet-ska-leda-till-en-starkare-bransch\/","name":"\u201cWe hope the project will lead to a stronger industry\u201d - Boden Business Park","isPartOf":{"@id":"https:\/\/bodenbusinesspark.com\/#website"},"primaryImageOfPage":{"@id":"https:\/\/bodenbusinesspark.com\/en\/vi-hoppas-att-projektet-ska-leda-till-en-starkare-bransch\/#primaryimage"},"image":{"@id":"https:\/\/bodenbusinesspark.com\/en\/vi-hoppas-att-projektet-ska-leda-till-en-starkare-bransch\/#primaryimage"},"thumbnailUrl":"https:\/\/bodenbusinesspark.com\/wp-content\/uploads\/2024\/12\/Frerika-Johansson.webp","datePublished":"2024-12-27T09:07:54+00:00","dateModified":"2024-12-27T09:50:28+00:00","description":"A business developer will help more creators in Boden grow and contribute to sustainable community development. This initiative is part of the North Creative Nodes project.","inLanguage":"en-US","potentialAction":[{"@type":"ReadAction","target":["https:\/\/bodenbusinesspark.com\/en\/vi-hoppas-att-projektet-ska-leda-till-en-starkare-bransch\/"]}]},{"@type":"ImageObject","inLanguage":"en-US","@id":"https:\/\/bodenbusinesspark.com\/en\/vi-hoppas-att-projektet-ska-leda-till-en-starkare-bransch\/#primaryimage","url":"https:\/\/bodenbusinesspark.com\/wp-content\/uploads\/2024\/12\/Frerika-Johansson.webp","contentUrl":"https:\/\/bodenbusinesspark.com\/wp-content\/uploads\/2024\/12\/Frerika-Johansson.webp","width":1200,"height":798,"caption":"Fredrika Johansson \u00e4r projektledare f\u00f6r North Creative Nodes. Foto: Bodens kommun"},{"@type":"WebSite","@id":"https:\/\/bodenbusinesspark.com\/#website","url":"https:\/\/bodenbusinesspark.com\/","name":"Boden Business Park","description":"Vi \u00e4r m\u00f6jligg\u00f6rare","publisher":{"@id":"https:\/\/bodenbusinesspark.com\/#organization"},"potentialAction":[{"@type":"SearchAction","target":{"@type":"EntryPoint","urlTemplate":"https:\/\/bodenbusinesspark.com\/?s={search_term_string}"},"query-input":{"@type":"PropertyValueSpecification","valueRequired":true,"valueName":"search_term_string"}}],"inLanguage":"en-US"},{"@type":"Organization","@id":"https:\/\/bodenbusinesspark.com\/#organization","name":"Boden Business Park","url":"https:\/\/bodenbusinesspark.com\/","logo":{"@type":"ImageObject","inLanguage":"en-US","@id":"https:\/\/bodenbusinesspark.com\/#\/schema\/logo\/image\/","url":"https:\/\/bodenbusinesspark.com\/wp-content\/uploads\/2022\/10\/bbp.png","contentUrl":"https:\/\/bodenbusinesspark.com\/wp-content\/uploads\/2022\/10\/bbp.png","width":354,"height":136,"caption":"Boden Business Park"},"image":{"@id":"https:\/\/bodenbusinesspark.com\/#\/schema\/logo\/image\/"},"sameAs":["https:\/\/www.facebook.com\/bodenbusinesspark","https:\/\/www.linkedin.com\/company\/boden-business-park\/"]},{"@type":"Person","@id":"https:\/\/bodenbusinesspark.com\/#\/schema\/person\/099567cb640f5a97fe0911d978226f26","name":"Linda Hammarstr\u00f6m","image":{"@type":"ImageObject","inLanguage":"en-US","@id":"https:\/\/secure.gravatar.com\/avatar\/31d465eac9b9e6027cf114958ec99b2f5298e2ce7d026de4dbddf59b76c1e4bc?s=96&d=mm&r=g","url":"https:\/\/secure.gravatar.com\/avatar\/31d465eac9b9e6027cf114958ec99b2f5298e2ce7d026de4dbddf59b76c1e4bc?s=96&d=mm&r=g","contentUrl":"https:\/\/secure.gravatar.com\/avatar\/31d465eac9b9e6027cf114958ec99b2f5298e2ce7d026de4dbddf59b76c1e4bc?s=96&d=mm&r=g","caption":"Linda Hammarstr\u00f6m"},"description":"Kommunikat\u00f6r"}]}},"ticketed":false,"_links":{"self":[{"href":"https:\/\/bodenbusinesspark.com\/en\/wp-json\/wp\/v2\/posts\/41747","targetHints":{"allow":["GET"]}}],"collection":[{"href":"https:\/\/bodenbusinesspark.com\/en\/wp-json\/wp\/v2\/posts"}],"about":[{"href":"https:\/\/bodenbusinesspark.com\/en\/wp-json\/wp\/v2\/types\/post"}],"author":[{"embeddable":true,"href":"https:\/\/bodenbusinesspark.com\/en\/wp-json\/wp\/v2\/users\/2"}],"replies":[{"embeddable":true,"href":"https:\/\/bodenbusinesspark.com\/en\/wp-json\/wp\/v2\/comments?post=41747"}],"version-history":[{"count":3,"href":"https:\/\/bodenbusinesspark.com\/en\/wp-json\/wp\/v2\/posts\/41747\/revisions"}],"predecessor-version":[{"id":41751,"href":"https:\/\/bodenbusinesspark.com\/en\/wp-json\/wp\/v2\/posts\/41747\/revisions\/41751"}],"wp:featuredmedia":[{"embeddable":true,"href":"https:\/\/bodenbusinesspark.com\/en\/wp-json\/wp\/v2\/media\/41744"}],"wp:attachment":[{"href":"https:\/\/bodenbusinesspark.com\/en\/wp-json\/wp\/v2\/media?parent=41747"}],"wp:term":[{"taxonomy":"category","embeddable":true,"href":"https:\/\/bodenbusinesspark.com\/en\/wp-json\/wp\/v2\/categories?post=41747"},{"taxonomy":"post_tag","embeddable":true,"href":"https:\/\/bodenbusinesspark.com\/en\/wp-json\/wp\/v2\/tags?post=41747"}],"curies":[{"name":"wp","href":"https:\/\/api.w.org\/{rel}","templated":true}]}}