{"id":41458,"date":"2024-11-20T15:19:07","date_gmt":"2024-11-20T14:19:07","guid":{"rendered":"https:\/\/bodenbusinesspark.com\/boden-visar-vagen-i-den-grona-omstallningen\/"},"modified":"2024-11-27T11:19:57","modified_gmt":"2024-11-27T10:19:57","slug":"boden-visar-vagen-i-den-grona-omstallningen","status":"publish","type":"post","link":"https:\/\/bodenbusinesspark.com\/en\/boden-visar-vagen-i-den-grona-omstallningen\/","title":{"rendered":"Boden leads the way in the green transition"},"content":{"rendered":"\n<p class=\"has-medium-font-size\">During a guided bus tour, entrepreneurs from Boden and Lule\u00e5 were able to see concrete examples of how the municipality has turned visions into reality. The meeting offered inspiration and insights on collaboration, dialog and innovation in the ongoing societal transition.<\/p>\n\n\n\n<p>In Boden, the societal transition is evident in everyday life. Heavy trucks loaded with crushed stone move steadily through the municipality. Bright yellow workwear illuminates the streets and construction sites, while new buildings gradually reshape the cityscape. Here, multi-billion kronor investments are already in full swing, and the change is tangible.<\/p>\n\n\n\n<p>To provide an insight into how Boden has managed to enable these initiatives, a guided bus tour was organized for entrepreneurs from Boden and Lule\u00e5. The aim was to show concrete examples of the projects and highlight working methods that have facilitated the social transition.<\/p>\n\n\n\n<p>\u2013 It was inspiring to see what Boden has achieved in creating a shared vision and what we in Lule\u00e5 can take with us as we face similar challenges, says Kent Eneris, business developer at Lule\u00e5 Energi.<\/p>\n\n\n\n<h3 class=\"wp-block-heading\" style=\"font-size:19px;font-style:normal;font-weight:800\">Cooperation without borders<\/h3>\n\n\n\n<p>One of the central topics of the tour was the importance of dialogue and consensus. Cecilia Kvibacke, Head of Development and Planning for Boden Industrial Park, explained how she has served as a direct contact for residents near the large-scale projects. Her work in building trust and understanding has resulted in faster processes, minimal appeals and a&nbsp;<a href=\"https:\/\/bodenxt.se\/enigt-fullmaktige-star-bakom-planen-for-boden-industrial-park\/\">smoother detailed planning process<\/a>.<\/p>\n\n\n\n<p>\u2013 It feels like Boden has established a problem-solving culture. I take with me the realization of the importance of communicating a clear vision for the municipality\u2019s development and how we can work together to get there,\u201d says Kent Eneris.<\/p>\n\n\n\n<p>The bus tour was part of a networking event that gathered 65 participants from businesses and organizations in Boden and Lule\u00e5. The initiative, held twice a year, is part of a collaboration between F\u00f6retagarna Boden and Lule\u00e5,&nbsp;<a href=\"http:\/\/www.bodenbusinesspark.com\/\">Boden Business Park<\/a>, Lule\u00e5 municipality and Lule\u00e5 N\u00e4ringsliv. The aim is to create forums for cross-border cooperation and exchange of experience.<\/p>\n\n\n\n<h3 class=\"wp-block-heading\" style=\"font-size:19px;font-style:normal;font-weight:800\">Unique ecosystem<\/h3>\n\n\n\n<p>Participants were also given an update on Stegra\u2019s groundbreaking initiative to build the world\u2019s first large-scale green steel plant. Anne Graf, Head of regional affairs at Stegra, presented the latest developments in the project, which not only symbolizes Boden\u2019s industrial transformation but also acts as a driving force for the entire region\u2019s growth.<\/p>\n\n\n\n<figure class=\"wp-block-image size-large\"><img fetchpriority=\"high\" decoding=\"async\" width=\"1024\" height=\"683\" src=\"https:\/\/bodenbusinesspark.com\/wp-content\/uploads\/2024\/11\/Michaela-Stromberg-2-2048x1366-1-1024x683.jpg\" alt=\"\" class=\"wp-image-41319\" srcset=\"https:\/\/bodenbusinesspark.com\/wp-content\/uploads\/2024\/11\/Michaela-Stromberg-2-2048x1366-1-1024x683.jpg 1024w, https:\/\/bodenbusinesspark.com\/wp-content\/uploads\/2024\/11\/Michaela-Stromberg-2-2048x1366-1-300x200.jpg 300w, https:\/\/bodenbusinesspark.com\/wp-content\/uploads\/2024\/11\/Michaela-Stromberg-2-2048x1366-1-768x512.jpg 768w, https:\/\/bodenbusinesspark.com\/wp-content\/uploads\/2024\/11\/Michaela-Stromberg-2-2048x1366-1-1536x1025.jpg 1536w, https:\/\/bodenbusinesspark.com\/wp-content\/uploads\/2024\/11\/Michaela-Stromberg-2-2048x1366-1.jpg 2048w\" sizes=\"(max-width: 1024px) 100vw, 1024px\" \/><figcaption class=\"wp-element-caption\"><em>Michaela Str\u00f6mberg, business developer at Boden Business Park.\u00a0Photo Mats Engfors\/Fotographic<\/em><\/figcaption><\/figure>\n\n\n\n<p>&#8220;It has been fantastic to showcase Boden and what we are in the middle of right now. I believe many have gained a better understanding of our opportunities and challenges, while the day has also offered valuable meetings and new connections&#8221;, says Michaela Str\u00f6mberg, Business Developer at Boden Business Park.<\/p>\n\n\n\n<p>Boden has built a sustainable and innovative ecosystem that brings together businesses, green technologies and community engagement. Here, actors collaborate to create a green future \u2013 here and now.<br>The core of the ecosystem consists of&nbsp;<a href=\"https:\/\/bodenxt.se\/en\/bodens-unique-ecosystem\/\">five development areas:<\/a>&nbsp;Boden Industrial Park, Boden Cleantech Center, Boden Plug &amp; Play, Boden Business Park and Boden Game Camp.<\/p>\n","protected":false},"excerpt":{"rendered":"<p>During a guided bus tour, entrepreneurs from Boden and Lule\u00e5 were able to see concrete examples of how the municipality has turned visions into reality. The meeting offered inspiration and insights on collaboration, dialog and innovation in the ongoing societal transition.<\/p>\n","protected":false},"author":2,"featured_media":41323,"comment_status":"closed","ping_status":"closed","sticky":false,"template":"","format":"standard","meta":{"_tec_requires_first_save":true,"_editorskit_title_hidden":false,"_editorskit_reading_time":0,"_editorskit_is_block_options_detached":false,"_editorskit_block_options_position":"{}","_price":"","_stock":"","_tribe_ticket_header":"","_tribe_default_ticket_provider":"","_tribe_ticket_capacity":"0","_ticket_start_date":"","_ticket_end_date":"","_tribe_ticket_show_description":"","_tribe_ticket_show_not_going":false,"_tribe_ticket_use_global_stock":"","_tribe_ticket_global_stock_level":"","_global_stock_mode":"","_global_stock_cap":"","_tribe_rsvp_for_event":"","_tribe_ticket_going_count":"","_tribe_ticket_not_going_count":"","_tribe_tickets_list":"[]","_tribe_ticket_has_attendee_info_fields":false,"_EventAllDay":false,"_EventTimezone":"","_EventStartDate":"","_EventEndDate":"","_EventStartDateUTC":"","_EventEndDateUTC":"","_EventShowMap":false,"_EventShowMapLink":false,"_EventURL":"","_EventCost":"","_EventCostDescription":"","_EventCurrencySymbol":"","_EventCurrencyCode":"","_EventCurrencyPosition":"","_EventDateTimeSeparator":"","_EventTimeRangeSeparator":"","_EventOrganizerID":[],"_EventVenueID":[0],"_OrganizerEmail":"","_OrganizerPhone":"","_OrganizerWebsite":"","_VenueAddress":"","_VenueCity":"","_VenueCountry":"","_VenueProvince":"","_VenueState":"","_VenueZip":"","_VenuePhone":"","_VenueURL":"","_VenueStateProvince":"","_VenueLat":"","_VenueLng":"","_VenueShowMap":false,"_VenueShowMapLink":false,"_tribe_blocks_recurrence_rules":"","_tribe_blocks_recurrence_description":"","_tribe_blocks_recurrence_exclusions":"","_ecp_custom_2":"","footnotes":"","_tec_slr_enabled":"","_tec_slr_layout":""},"categories":[62,61],"tags":[],"class_list":["post-41458","post","type-post","status-publish","format-standard","has-post-thumbnail","hentry","category-business","category-news"],"yoast_head":"<!-- This site is optimized with the Yoast SEO plugin v27.3 - https:\/\/yoast.com\/product\/yoast-seo-wordpress\/ -->\n<title>Boden leads the way in the green transition - Boden Business Park<\/title>\n<meta name=\"description\" content=\"During a guided bus tour, entrepreneurs from Boden and Lule\u00e5 were able to see concrete examples of how the municipality has turned visions into reality. The meeting offered inspiration and insights on collaboration, dialog and innovation in the ongoing societal transition.\" \/>\n<meta name=\"robots\" content=\"index, follow, max-snippet:-1, max-image-preview:large, max-video-preview:-1\" \/>\n<link rel=\"canonical\" href=\"https:\/\/bodenbusinesspark.com\/en\/boden-visar-vagen-i-den-grona-omstallningen\/\" \/>\n<meta property=\"og:locale\" content=\"en_US\" \/>\n<meta property=\"og:type\" content=\"article\" \/>\n<meta property=\"og:title\" content=\"Boden leads the way in the green transition - Boden Business Park\" \/>\n<meta property=\"og:description\" content=\"During a guided bus tour, entrepreneurs from Boden and Lule\u00e5 were able to see concrete examples of how the municipality has turned visions into reality. The meeting offered inspiration and insights on collaboration, dialog and innovation in the ongoing societal transition.\" \/>\n<meta property=\"og:url\" content=\"https:\/\/bodenbusinesspark.com\/en\/boden-visar-vagen-i-den-grona-omstallningen\/\" \/>\n<meta property=\"og:site_name\" content=\"Boden Business Park\" \/>\n<meta property=\"article:publisher\" content=\"https:\/\/www.facebook.com\/bodenbusinesspark\" \/>\n<meta property=\"article:published_time\" content=\"2024-11-20T14:19:07+00:00\" \/>\n<meta property=\"article:modified_time\" content=\"2024-11-27T10:19:57+00:00\" \/>\n<meta property=\"og:image\" content=\"https:\/\/bodenbusinesspark.com\/wp-content\/uploads\/2024\/11\/Busstur-Boden.webp\" \/>\n\t<meta property=\"og:image:width\" content=\"1200\" \/>\n\t<meta property=\"og:image:height\" content=\"792\" \/>\n\t<meta property=\"og:image:type\" content=\"image\/webp\" \/>\n<meta name=\"author\" content=\"Linda Hammarstr\u00f6m\" \/>\n<meta name=\"twitter:card\" content=\"summary_large_image\" \/>\n<meta name=\"twitter:label1\" content=\"Written by\" \/>\n\t<meta name=\"twitter:data1\" content=\"Linda Hammarstr\u00f6m\" \/>\n\t<meta name=\"twitter:label2\" content=\"Est. reading time\" \/>\n\t<meta name=\"twitter:data2\" content=\"3 minutes\" \/>\n<script type=\"application\/ld+json\" class=\"yoast-schema-graph\">{\"@context\":\"https:\\\/\\\/schema.org\",\"@graph\":[{\"@type\":\"Article\",\"@id\":\"https:\\\/\\\/bodenbusinesspark.com\\\/en\\\/boden-visar-vagen-i-den-grona-omstallningen\\\/#article\",\"isPartOf\":{\"@id\":\"https:\\\/\\\/bodenbusinesspark.com\\\/en\\\/boden-visar-vagen-i-den-grona-omstallningen\\\/\"},\"author\":{\"name\":\"Linda Hammarstr\u00f6m\",\"@id\":\"https:\\\/\\\/bodenbusinesspark.com\\\/#\\\/schema\\\/person\\\/099567cb640f5a97fe0911d978226f26\"},\"headline\":\"Boden leads the way in the green transition\",\"datePublished\":\"2024-11-20T14:19:07+00:00\",\"dateModified\":\"2024-11-27T10:19:57+00:00\",\"mainEntityOfPage\":{\"@id\":\"https:\\\/\\\/bodenbusinesspark.com\\\/en\\\/boden-visar-vagen-i-den-grona-omstallningen\\\/\"},\"wordCount\":526,\"publisher\":{\"@id\":\"https:\\\/\\\/bodenbusinesspark.com\\\/#organization\"},\"image\":{\"@id\":\"https:\\\/\\\/bodenbusinesspark.com\\\/en\\\/boden-visar-vagen-i-den-grona-omstallningen\\\/#primaryimage\"},\"thumbnailUrl\":\"https:\\\/\\\/bodenbusinesspark.com\\\/wp-content\\\/uploads\\\/2024\\\/11\\\/Busstur-Boden.webp\",\"articleSection\":[\"Business\",\"News\"],\"inLanguage\":\"en-US\"},{\"@type\":\"WebPage\",\"@id\":\"https:\\\/\\\/bodenbusinesspark.com\\\/en\\\/boden-visar-vagen-i-den-grona-omstallningen\\\/\",\"url\":\"https:\\\/\\\/bodenbusinesspark.com\\\/en\\\/boden-visar-vagen-i-den-grona-omstallningen\\\/\",\"name\":\"Boden leads the way in the green transition - Boden Business Park\",\"isPartOf\":{\"@id\":\"https:\\\/\\\/bodenbusinesspark.com\\\/#website\"},\"primaryImageOfPage\":{\"@id\":\"https:\\\/\\\/bodenbusinesspark.com\\\/en\\\/boden-visar-vagen-i-den-grona-omstallningen\\\/#primaryimage\"},\"image\":{\"@id\":\"https:\\\/\\\/bodenbusinesspark.com\\\/en\\\/boden-visar-vagen-i-den-grona-omstallningen\\\/#primaryimage\"},\"thumbnailUrl\":\"https:\\\/\\\/bodenbusinesspark.com\\\/wp-content\\\/uploads\\\/2024\\\/11\\\/Busstur-Boden.webp\",\"datePublished\":\"2024-11-20T14:19:07+00:00\",\"dateModified\":\"2024-11-27T10:19:57+00:00\",\"description\":\"During a guided bus tour, entrepreneurs from Boden and Lule\u00e5 were able to see concrete examples of how the municipality has turned visions into reality. The meeting offered inspiration and insights on collaboration, dialog and innovation in the ongoing societal transition.\",\"inLanguage\":\"en-US\",\"potentialAction\":[{\"@type\":\"ReadAction\",\"target\":[\"https:\\\/\\\/bodenbusinesspark.com\\\/en\\\/boden-visar-vagen-i-den-grona-omstallningen\\\/\"]}]},{\"@type\":\"ImageObject\",\"inLanguage\":\"en-US\",\"@id\":\"https:\\\/\\\/bodenbusinesspark.com\\\/en\\\/boden-visar-vagen-i-den-grona-omstallningen\\\/#primaryimage\",\"url\":\"https:\\\/\\\/bodenbusinesspark.com\\\/wp-content\\\/uploads\\\/2024\\\/11\\\/Busstur-Boden.webp\",\"contentUrl\":\"https:\\\/\\\/bodenbusinesspark.com\\\/wp-content\\\/uploads\\\/2024\\\/11\\\/Busstur-Boden.webp\",\"width\":1200,\"height\":792},{\"@type\":\"WebSite\",\"@id\":\"https:\\\/\\\/bodenbusinesspark.com\\\/#website\",\"url\":\"https:\\\/\\\/bodenbusinesspark.com\\\/\",\"name\":\"Boden Business Park\",\"description\":\"Vi \u00e4r m\u00f6jligg\u00f6rare\",\"publisher\":{\"@id\":\"https:\\\/\\\/bodenbusinesspark.com\\\/#organization\"},\"potentialAction\":[{\"@type\":\"SearchAction\",\"target\":{\"@type\":\"EntryPoint\",\"urlTemplate\":\"https:\\\/\\\/bodenbusinesspark.com\\\/?s={search_term_string}\"},\"query-input\":{\"@type\":\"PropertyValueSpecification\",\"valueRequired\":true,\"valueName\":\"search_term_string\"}}],\"inLanguage\":\"en-US\"},{\"@type\":\"Organization\",\"@id\":\"https:\\\/\\\/bodenbusinesspark.com\\\/#organization\",\"name\":\"Boden Business Park\",\"url\":\"https:\\\/\\\/bodenbusinesspark.com\\\/\",\"logo\":{\"@type\":\"ImageObject\",\"inLanguage\":\"en-US\",\"@id\":\"https:\\\/\\\/bodenbusinesspark.com\\\/#\\\/schema\\\/logo\\\/image\\\/\",\"url\":\"https:\\\/\\\/bodenbusinesspark.com\\\/wp-content\\\/uploads\\\/2022\\\/10\\\/bbp.png\",\"contentUrl\":\"https:\\\/\\\/bodenbusinesspark.com\\\/wp-content\\\/uploads\\\/2022\\\/10\\\/bbp.png\",\"width\":354,\"height\":136,\"caption\":\"Boden Business Park\"},\"image\":{\"@id\":\"https:\\\/\\\/bodenbusinesspark.com\\\/#\\\/schema\\\/logo\\\/image\\\/\"},\"sameAs\":[\"https:\\\/\\\/www.facebook.com\\\/bodenbusinesspark\",\"https:\\\/\\\/www.linkedin.com\\\/company\\\/boden-business-park\\\/\"]},{\"@type\":\"Person\",\"@id\":\"https:\\\/\\\/bodenbusinesspark.com\\\/#\\\/schema\\\/person\\\/099567cb640f5a97fe0911d978226f26\",\"name\":\"Linda Hammarstr\u00f6m\",\"image\":{\"@type\":\"ImageObject\",\"inLanguage\":\"en-US\",\"@id\":\"https:\\\/\\\/secure.gravatar.com\\\/avatar\\\/31d465eac9b9e6027cf114958ec99b2f5298e2ce7d026de4dbddf59b76c1e4bc?s=96&d=mm&r=g\",\"url\":\"https:\\\/\\\/secure.gravatar.com\\\/avatar\\\/31d465eac9b9e6027cf114958ec99b2f5298e2ce7d026de4dbddf59b76c1e4bc?s=96&d=mm&r=g\",\"contentUrl\":\"https:\\\/\\\/secure.gravatar.com\\\/avatar\\\/31d465eac9b9e6027cf114958ec99b2f5298e2ce7d026de4dbddf59b76c1e4bc?s=96&d=mm&r=g\",\"caption\":\"Linda Hammarstr\u00f6m\"},\"description\":\"Kommunikat\u00f6r\"}]}<\/script>\n<!-- \/ Yoast SEO plugin. -->","yoast_head_json":{"title":"Boden leads the way in the green transition - Boden Business Park","description":"During a guided bus tour, entrepreneurs from Boden and Lule\u00e5 were able to see concrete examples of how the municipality has turned visions into reality. The meeting offered inspiration and insights on collaboration, dialog and innovation in the ongoing societal transition.","robots":{"index":"index","follow":"follow","max-snippet":"max-snippet:-1","max-image-preview":"max-image-preview:large","max-video-preview":"max-video-preview:-1"},"canonical":"https:\/\/bodenbusinesspark.com\/en\/boden-visar-vagen-i-den-grona-omstallningen\/","og_locale":"en_US","og_type":"article","og_title":"Boden leads the way in the green transition - Boden Business Park","og_description":"During a guided bus tour, entrepreneurs from Boden and Lule\u00e5 were able to see concrete examples of how the municipality has turned visions into reality. The meeting offered inspiration and insights on collaboration, dialog and innovation in the ongoing societal transition.","og_url":"https:\/\/bodenbusinesspark.com\/en\/boden-visar-vagen-i-den-grona-omstallningen\/","og_site_name":"Boden Business Park","article_publisher":"https:\/\/www.facebook.com\/bodenbusinesspark","article_published_time":"2024-11-20T14:19:07+00:00","article_modified_time":"2024-11-27T10:19:57+00:00","og_image":[{"width":1200,"height":792,"url":"https:\/\/bodenbusinesspark.com\/wp-content\/uploads\/2024\/11\/Busstur-Boden.webp","type":"image\/webp"}],"author":"Linda Hammarstr\u00f6m","twitter_card":"summary_large_image","twitter_misc":{"Written by":"Linda Hammarstr\u00f6m","Est. reading time":"3 minutes"},"schema":{"@context":"https:\/\/schema.org","@graph":[{"@type":"Article","@id":"https:\/\/bodenbusinesspark.com\/en\/boden-visar-vagen-i-den-grona-omstallningen\/#article","isPartOf":{"@id":"https:\/\/bodenbusinesspark.com\/en\/boden-visar-vagen-i-den-grona-omstallningen\/"},"author":{"name":"Linda Hammarstr\u00f6m","@id":"https:\/\/bodenbusinesspark.com\/#\/schema\/person\/099567cb640f5a97fe0911d978226f26"},"headline":"Boden leads the way in the green transition","datePublished":"2024-11-20T14:19:07+00:00","dateModified":"2024-11-27T10:19:57+00:00","mainEntityOfPage":{"@id":"https:\/\/bodenbusinesspark.com\/en\/boden-visar-vagen-i-den-grona-omstallningen\/"},"wordCount":526,"publisher":{"@id":"https:\/\/bodenbusinesspark.com\/#organization"},"image":{"@id":"https:\/\/bodenbusinesspark.com\/en\/boden-visar-vagen-i-den-grona-omstallningen\/#primaryimage"},"thumbnailUrl":"https:\/\/bodenbusinesspark.com\/wp-content\/uploads\/2024\/11\/Busstur-Boden.webp","articleSection":["Business","News"],"inLanguage":"en-US"},{"@type":"WebPage","@id":"https:\/\/bodenbusinesspark.com\/en\/boden-visar-vagen-i-den-grona-omstallningen\/","url":"https:\/\/bodenbusinesspark.com\/en\/boden-visar-vagen-i-den-grona-omstallningen\/","name":"Boden leads the way in the green transition - Boden Business Park","isPartOf":{"@id":"https:\/\/bodenbusinesspark.com\/#website"},"primaryImageOfPage":{"@id":"https:\/\/bodenbusinesspark.com\/en\/boden-visar-vagen-i-den-grona-omstallningen\/#primaryimage"},"image":{"@id":"https:\/\/bodenbusinesspark.com\/en\/boden-visar-vagen-i-den-grona-omstallningen\/#primaryimage"},"thumbnailUrl":"https:\/\/bodenbusinesspark.com\/wp-content\/uploads\/2024\/11\/Busstur-Boden.webp","datePublished":"2024-11-20T14:19:07+00:00","dateModified":"2024-11-27T10:19:57+00:00","description":"During a guided bus tour, entrepreneurs from Boden and Lule\u00e5 were able to see concrete examples of how the municipality has turned visions into reality. The meeting offered inspiration and insights on collaboration, dialog and innovation in the ongoing societal transition.","inLanguage":"en-US","potentialAction":[{"@type":"ReadAction","target":["https:\/\/bodenbusinesspark.com\/en\/boden-visar-vagen-i-den-grona-omstallningen\/"]}]},{"@type":"ImageObject","inLanguage":"en-US","@id":"https:\/\/bodenbusinesspark.com\/en\/boden-visar-vagen-i-den-grona-omstallningen\/#primaryimage","url":"https:\/\/bodenbusinesspark.com\/wp-content\/uploads\/2024\/11\/Busstur-Boden.webp","contentUrl":"https:\/\/bodenbusinesspark.com\/wp-content\/uploads\/2024\/11\/Busstur-Boden.webp","width":1200,"height":792},{"@type":"WebSite","@id":"https:\/\/bodenbusinesspark.com\/#website","url":"https:\/\/bodenbusinesspark.com\/","name":"Boden Business Park","description":"Vi \u00e4r m\u00f6jligg\u00f6rare","publisher":{"@id":"https:\/\/bodenbusinesspark.com\/#organization"},"potentialAction":[{"@type":"SearchAction","target":{"@type":"EntryPoint","urlTemplate":"https:\/\/bodenbusinesspark.com\/?s={search_term_string}"},"query-input":{"@type":"PropertyValueSpecification","valueRequired":true,"valueName":"search_term_string"}}],"inLanguage":"en-US"},{"@type":"Organization","@id":"https:\/\/bodenbusinesspark.com\/#organization","name":"Boden Business Park","url":"https:\/\/bodenbusinesspark.com\/","logo":{"@type":"ImageObject","inLanguage":"en-US","@id":"https:\/\/bodenbusinesspark.com\/#\/schema\/logo\/image\/","url":"https:\/\/bodenbusinesspark.com\/wp-content\/uploads\/2022\/10\/bbp.png","contentUrl":"https:\/\/bodenbusinesspark.com\/wp-content\/uploads\/2022\/10\/bbp.png","width":354,"height":136,"caption":"Boden Business Park"},"image":{"@id":"https:\/\/bodenbusinesspark.com\/#\/schema\/logo\/image\/"},"sameAs":["https:\/\/www.facebook.com\/bodenbusinesspark","https:\/\/www.linkedin.com\/company\/boden-business-park\/"]},{"@type":"Person","@id":"https:\/\/bodenbusinesspark.com\/#\/schema\/person\/099567cb640f5a97fe0911d978226f26","name":"Linda Hammarstr\u00f6m","image":{"@type":"ImageObject","inLanguage":"en-US","@id":"https:\/\/secure.gravatar.com\/avatar\/31d465eac9b9e6027cf114958ec99b2f5298e2ce7d026de4dbddf59b76c1e4bc?s=96&d=mm&r=g","url":"https:\/\/secure.gravatar.com\/avatar\/31d465eac9b9e6027cf114958ec99b2f5298e2ce7d026de4dbddf59b76c1e4bc?s=96&d=mm&r=g","contentUrl":"https:\/\/secure.gravatar.com\/avatar\/31d465eac9b9e6027cf114958ec99b2f5298e2ce7d026de4dbddf59b76c1e4bc?s=96&d=mm&r=g","caption":"Linda Hammarstr\u00f6m"},"description":"Kommunikat\u00f6r"}]}},"ticketed":false,"_links":{"self":[{"href":"https:\/\/bodenbusinesspark.com\/en\/wp-json\/wp\/v2\/posts\/41458","targetHints":{"allow":["GET"]}}],"collection":[{"href":"https:\/\/bodenbusinesspark.com\/en\/wp-json\/wp\/v2\/posts"}],"about":[{"href":"https:\/\/bodenbusinesspark.com\/en\/wp-json\/wp\/v2\/types\/post"}],"author":[{"embeddable":true,"href":"https:\/\/bodenbusinesspark.com\/en\/wp-json\/wp\/v2\/users\/2"}],"replies":[{"embeddable":true,"href":"https:\/\/bodenbusinesspark.com\/en\/wp-json\/wp\/v2\/comments?post=41458"}],"version-history":[{"count":3,"href":"https:\/\/bodenbusinesspark.com\/en\/wp-json\/wp\/v2\/posts\/41458\/revisions"}],"predecessor-version":[{"id":41462,"href":"https:\/\/bodenbusinesspark.com\/en\/wp-json\/wp\/v2\/posts\/41458\/revisions\/41462"}],"wp:featuredmedia":[{"embeddable":true,"href":"https:\/\/bodenbusinesspark.com\/en\/wp-json\/wp\/v2\/media\/41323"}],"wp:attachment":[{"href":"https:\/\/bodenbusinesspark.com\/en\/wp-json\/wp\/v2\/media?parent=41458"}],"wp:term":[{"taxonomy":"category","embeddable":true,"href":"https:\/\/bodenbusinesspark.com\/en\/wp-json\/wp\/v2\/categories?post=41458"},{"taxonomy":"post_tag","embeddable":true,"href":"https:\/\/bodenbusinesspark.com\/en\/wp-json\/wp\/v2\/tags?post=41458"}],"curies":[{"name":"wp","href":"https:\/\/api.w.org\/{rel}","templated":true}]}}